{"id":1835,"date":"2022-03-11T11:43:44","date_gmt":"2022-03-11T11:43:44","guid":{"rendered":"https:\/\/mandalailu.ee\/?p=1835"},"modified":"2025-05-04T11:44:15","modified_gmt":"2025-05-04T11:44:15","slug":"vaeehte-tootuba-13-mai-2022","status":"publish","type":"post","link":"https:\/\/mandalailu.ee\/en\/uritused\/vaeehte-tootuba-13-mai-2022\/","title":{"rendered":"V\u00e4eehte t\u00f6\u00f6tuba 13 mai 2022"},"content":{"rendered":"<p>Ootan Sind reedel, 13 mai, Mandala Galeriis, et koos minna teekonnale, mille k\u00e4igus lood Sa l\u00e4bi enda \u00fche imeilusa v\u00e4eehte. Ametlikult on Galeriss uksed avatud 12-18 kuid nagu nii m\u00f5nigi teist juba kogenud on, siis me ei lahku enne kui Sa oma looduga oled l\u00f5puni j\u00f5udnud. Oma soovist anna mulle teada emailile. Kirjuta ka juurde, mida Sa luua sooviksid. See annab meile parema v\u00f5imaluse aega planeerida. V\u00f5i tule lihtsalt lobisema ja m\u00f5nusalt aega veetma &#8230; V\u00f5tan kaasa ka k\u00f5ik juba valmis ehted.<br \/>\nT\u00e4psustused:<\/p>\n<ul>\n<li>Mala-palvehelmed l\u00e4heb Sul ajaliselt 3-4 tundi ning t\u00f6\u00f6tuba maksumus on 88.- (sisaldab k\u00f5iki ehte materjale)<\/li>\n<li>Mandala ripats v\u00f5i prossi luues tuleb Sul arvestada miinum 6 tunniga ning maksumus on 66.- (sisaldab k\u00f5iki ehte materjale)<\/li>\n<li>K\u00e4ev\u00f5ru loomine k\u00e4ib aga kiiresti. Siuh ja valmis. Iga k\u00e4ev\u00f5ru hinnaks on 12.- (sisaldab k\u00f5iki vajalike materjale)<\/li>\n<li>V\u00f5i tule niismaa lobisema, m\u00f5nusalt aega veetma ja juba minu poolt valminud ehteid vaatama, tunnetama ja soetama.<\/li>\n<\/ul>\n<p>Energia paremaks voolavuseks eelistan alati sularaha, kuid aktepteerin ka \u00fclekandeid. V\u00f5imalik k\u00fcsida ka arvet.<\/p>\n<p>Kohtume Mandala Kunstigaleriis, aadressiga P\u00e4rnu mnt 4, Tallinn<\/p>\n<p>Loomiseni,<br \/>\nK\u00e4rt<br \/>\nKui sul on k\u00fcsimusi, olen alati sinu jaoks olemas.<\/p>\n<h3>Kirjuta mulle<\/h3>\n\n<div class=\"wpcf7 no-js\" id=\"wpcf7-f630-o1\" lang=\"et\" dir=\"ltr\" data-wpcf7-id=\"630\">\n<div class=\"screen-reader-response\"><p role=\"status\" aria-live=\"polite\" aria-atomic=\"true\"><\/p> <ul><\/ul><\/div>\n<form action=\"\/en\/wp-json\/wp\/v2\/posts\/1835#wpcf7-f630-o1\" method=\"post\" class=\"wpcf7-form init\" aria-label=\"Contact form\" novalidate=\"novalidate\" data-status=\"init\" data-trp-original-action=\"\/en\/wp-json\/wp\/v2\/posts\/1835#wpcf7-f630-o1\">\n<fieldset class=\"hidden-fields-container\"><input type=\"hidden\" name=\"_wpcf7\" value=\"630\" \/><input type=\"hidden\" name=\"_wpcf7_version\" value=\"6.1.3\" \/><input type=\"hidden\" name=\"_wpcf7_locale\" value=\"et\" \/><input type=\"hidden\" name=\"_wpcf7_unit_tag\" value=\"wpcf7-f630-o1\" \/><input type=\"hidden\" name=\"_wpcf7_container_post\" value=\"0\" \/><input type=\"hidden\" name=\"_wpcf7_posted_data_hash\" value=\"\" \/>\n<\/fieldset>\n<p><label> Sinu nimi, et saaksime tuttavaks<br \/>\n<span class=\"wpcf7-form-control-wrap\" data-name=\"your-name\"><input size=\"40\" maxlength=\"400\" class=\"wpcf7-form-control wpcf7-text wpcf7-validates-as-required\" aria-required=\"true\" aria-invalid=\"false\" value=\"\" type=\"text\" name=\"your-name\" \/><\/span> <\/label>\n<\/p>\n<p><label> Sinu E-mail, kuhu ma Sulle vastata saan<br \/>\n<span class=\"wpcf7-form-control-wrap\" data-name=\"your-email\"><input size=\"40\" maxlength=\"400\" class=\"wpcf7-form-control wpcf7-email wpcf7-validates-as-required wpcf7-text wpcf7-validates-as-email\" aria-required=\"true\" aria-invalid=\"false\" value=\"\" type=\"email\" name=\"your-email\" \/><\/span> <\/label>\n<\/p>\n<p><label> Sinu s\u00f5num mulle, palun<br \/>\n<span class=\"wpcf7-form-control-wrap\" data-name=\"your-message\"><textarea cols=\"40\" rows=\"10\" maxlength=\"2000\" class=\"wpcf7-form-control wpcf7-textarea\" aria-invalid=\"false\" name=\"your-message\"><\/textarea><\/span> <\/label>\n<\/p>\n<p><input class=\"wpcf7-form-control wpcf7-submit has-spinner\" type=\"submit\" value=\"Saada teele\" \/>\n<\/p><div class=\"wpcf7-response-output\" aria-hidden=\"true\"><\/div>\n<input type=\"hidden\" name=\"trp-form-language\" value=\"en\"\/><\/form>\n<\/div>","protected":false},"excerpt":{"rendered":"<p>Ootan Sind reedel, 13 mai, Mandala Galeriis, et koos minna teekonnale, mille k\u00e4igus lood Sa l\u00e4bi enda \u00fche imeilusa v\u00e4eehte. Ametlikult on Galeriss uksed avatud 12-18 kuid nagu nii m\u00f5nigi teist juba kogenud on, siis me ei lahku enne kui Sa oma looduga oled l\u00f5puni j\u00f5udnud. Oma soovist anna mulle teada emailile. Kirjuta ka juurde, [&hellip;]<\/p>","protected":false},"author":1,"featured_media":35,"comment_status":"closed","ping_status":"closed","sticky":false,"template":"","format":"standard","meta":{"_acf_changed":false,"footnotes":""},"categories":[73],"tags":[90],"class_list":["post-1835","post","type-post","status-publish","format-standard","has-post-thumbnail","hentry","category-uritused","tag-toimunud-tootoad"],"acf":[],"yoast_head":"<!-- This site is optimized with the Yoast SEO plugin v26.3 - https:\/\/yoast.com\/wordpress\/plugins\/seo\/ -->\n<title>V\u00e4eehte t\u00f6\u00f6tuba 13 mai 2022 - Mandala ilu<\/title>\n<meta name=\"description\" content=\"Ootan Sind reedel, 13 mai, Mandala Galeriis, et koos minna teekonnale, mille k\u00e4igus lood Sa l\u00e4bi enda \u00fche imeilusa v\u00e4eehte.\" \/>\n<meta name=\"robots\" content=\"index, follow, max-snippet:-1, max-image-preview:large, max-video-preview:-1\" \/>\n<link rel=\"canonical\" href=\"https:\/\/mandalailu.ee\/en\/uritused\/vaeehte-tootuba-13-mai-2022\/\" \/>\n<meta property=\"og:locale\" content=\"en_US\" \/>\n<meta property=\"og:type\" content=\"article\" \/>\n<meta property=\"og:title\" content=\"V\u00e4eehte t\u00f6\u00f6tuba 13 mai 2022 - Mandala ilu\" \/>\n<meta property=\"og:description\" content=\"Ootan Sind reedel, 13 mai, Mandala Galeriis, et koos minna teekonnale, mille k\u00e4igus lood Sa l\u00e4bi enda \u00fche imeilusa v\u00e4eehte.\" \/>\n<meta property=\"og:url\" content=\"https:\/\/mandalailu.ee\/en\/uritused\/vaeehte-tootuba-13-mai-2022\/\" \/>\n<meta property=\"og:site_name\" content=\"Mandala ilu\" \/>\n<meta property=\"article:publisher\" content=\"https:\/\/www.facebook.com\/MandalaILU\" \/>\n<meta property=\"article:published_time\" content=\"2022-03-11T11:43:44+00:00\" \/>\n<meta property=\"article:modified_time\" content=\"2025-05-04T11:44:15+00:00\" \/>\n<meta property=\"og:image\" content=\"https:\/\/mandalailu.ee\/wp-content\/uploads\/2022\/04\/M28A2476flare-1.jpg\" \/>\n\t<meta property=\"og:image:width\" content=\"850\" \/>\n\t<meta property=\"og:image:height\" content=\"567\" \/>\n\t<meta property=\"og:image:type\" content=\"image\/jpeg\" \/>\n<meta name=\"author\" content=\"admin\" \/>\n<meta name=\"twitter:card\" content=\"summary_large_image\" \/>\n<meta name=\"twitter:label1\" content=\"Written by\" \/>\n\t<meta name=\"twitter:data1\" content=\"admin\" \/>\n\t<meta name=\"twitter:label2\" content=\"Est. reading time\" \/>\n\t<meta name=\"twitter:data2\" content=\"1 minute\" \/>\n<script type=\"application\/ld+json\" class=\"yoast-schema-graph\">{\"@context\":\"https:\/\/schema.org\",\"@graph\":[{\"@type\":\"Article\",\"@id\":\"https:\/\/mandalailu.ee\/uritused\/vaeehte-tootuba-13-mai-2022\/#article\",\"isPartOf\":{\"@id\":\"https:\/\/mandalailu.ee\/uritused\/vaeehte-tootuba-13-mai-2022\/\"},\"author\":{\"name\":\"admin\",\"@id\":\"https:\/\/mandalailu.ee\/#\/schema\/person\/f2776d67f537e113fc52e2f8025eedb9\"},\"headline\":\"V\u00e4eehte t\u00f6\u00f6tuba 13 mai 2022\",\"datePublished\":\"2022-03-11T11:43:44+00:00\",\"dateModified\":\"2025-05-04T11:44:15+00:00\",\"mainEntityOfPage\":{\"@id\":\"https:\/\/mandalailu.ee\/uritused\/vaeehte-tootuba-13-mai-2022\/\"},\"wordCount\":221,\"publisher\":{\"@id\":\"https:\/\/mandalailu.ee\/#organization\"},\"image\":{\"@id\":\"https:\/\/mandalailu.ee\/uritused\/vaeehte-tootuba-13-mai-2022\/#primaryimage\"},\"thumbnailUrl\":\"https:\/\/mandalailu.ee\/wp-content\/uploads\/2022\/04\/M28A2476flare-1.jpg\",\"keywords\":[\"Toimunud t\u00f6\u00f6toad\"],\"articleSection\":[\"\u00dcritused\"],\"inLanguage\":\"en-US\"},{\"@type\":\"WebPage\",\"@id\":\"https:\/\/mandalailu.ee\/uritused\/vaeehte-tootuba-13-mai-2022\/\",\"url\":\"https:\/\/mandalailu.ee\/uritused\/vaeehte-tootuba-13-mai-2022\/\",\"name\":\"V\u00e4eehte t\u00f6\u00f6tuba 13 mai 2022 - Mandala ilu\",\"isPartOf\":{\"@id\":\"https:\/\/mandalailu.ee\/#website\"},\"primaryImageOfPage\":{\"@id\":\"https:\/\/mandalailu.ee\/uritused\/vaeehte-tootuba-13-mai-2022\/#primaryimage\"},\"image\":{\"@id\":\"https:\/\/mandalailu.ee\/uritused\/vaeehte-tootuba-13-mai-2022\/#primaryimage\"},\"thumbnailUrl\":\"https:\/\/mandalailu.ee\/wp-content\/uploads\/2022\/04\/M28A2476flare-1.jpg\",\"datePublished\":\"2022-03-11T11:43:44+00:00\",\"dateModified\":\"2025-05-04T11:44:15+00:00\",\"description\":\"Ootan Sind reedel, 13 mai, Mandala Galeriis, et koos minna teekonnale, mille k\u00e4igus lood Sa l\u00e4bi enda \u00fche imeilusa v\u00e4eehte.\",\"breadcrumb\":{\"@id\":\"https:\/\/mandalailu.ee\/uritused\/vaeehte-tootuba-13-mai-2022\/#breadcrumb\"},\"inLanguage\":\"en-US\",\"potentialAction\":[{\"@type\":\"ReadAction\",\"target\":[\"https:\/\/mandalailu.ee\/uritused\/vaeehte-tootuba-13-mai-2022\/\"]}]},{\"@type\":\"ImageObject\",\"inLanguage\":\"en-US\",\"@id\":\"https:\/\/mandalailu.ee\/uritused\/vaeehte-tootuba-13-mai-2022\/#primaryimage\",\"url\":\"https:\/\/mandalailu.ee\/wp-content\/uploads\/2022\/04\/M28A2476flare-1.jpg\",\"contentUrl\":\"https:\/\/mandalailu.ee\/wp-content\/uploads\/2022\/04\/M28A2476flare-1.jpg\",\"width\":850,\"height\":567},{\"@type\":\"BreadcrumbList\",\"@id\":\"https:\/\/mandalailu.ee\/uritused\/vaeehte-tootuba-13-mai-2022\/#breadcrumb\",\"itemListElement\":[{\"@type\":\"ListItem\",\"position\":1,\"name\":\"Home\",\"item\":\"https:\/\/mandalailu.ee\/\"},{\"@type\":\"ListItem\",\"position\":2,\"name\":\"V\u00e4eehte t\u00f6\u00f6tuba 13 mai 2022\"}]},{\"@type\":\"WebSite\",\"@id\":\"https:\/\/mandalailu.ee\/#website\",\"url\":\"https:\/\/mandalailu.ee\/\",\"name\":\"Mandala ilu\",\"description\":\"Unikaalsed k&auml;sit&ouml;&ouml;na valminud ehted\",\"publisher\":{\"@id\":\"https:\/\/mandalailu.ee\/#organization\"},\"potentialAction\":[{\"@type\":\"SearchAction\",\"target\":{\"@type\":\"EntryPoint\",\"urlTemplate\":\"https:\/\/mandalailu.ee\/?s={search_term_string}\"},\"query-input\":{\"@type\":\"PropertyValueSpecification\",\"valueRequired\":true,\"valueName\":\"search_term_string\"}}],\"inLanguage\":\"en-US\"},{\"@type\":\"Organization\",\"@id\":\"https:\/\/mandalailu.ee\/#organization\",\"name\":\"Mandala ILU\",\"url\":\"https:\/\/mandalailu.ee\/\",\"logo\":{\"@type\":\"ImageObject\",\"inLanguage\":\"en-US\",\"@id\":\"https:\/\/mandalailu.ee\/#\/schema\/logo\/image\/\",\"url\":\"https:\/\/mandalailu.ee\/wp-content\/uploads\/2022\/04\/cropped-Mandala-ILU-lill_block.jpg\",\"contentUrl\":\"https:\/\/mandalailu.ee\/wp-content\/uploads\/2022\/04\/cropped-Mandala-ILU-lill_block.jpg\",\"width\":512,\"height\":512,\"caption\":\"Mandala ILU\"},\"image\":{\"@id\":\"https:\/\/mandalailu.ee\/#\/schema\/logo\/image\/\"},\"sameAs\":[\"https:\/\/www.facebook.com\/MandalaILU\",\"https:\/\/www.instagram.com\/mandala.ilu.mala.ehted\/\"]},{\"@type\":\"Person\",\"@id\":\"https:\/\/mandalailu.ee\/#\/schema\/person\/f2776d67f537e113fc52e2f8025eedb9\",\"name\":\"admin\",\"image\":{\"@type\":\"ImageObject\",\"inLanguage\":\"en-US\",\"@id\":\"https:\/\/mandalailu.ee\/#\/schema\/person\/image\/\",\"url\":\"https:\/\/secure.gravatar.com\/avatar\/48c54029a36a21bf94890a53bac2af95b835980ca001dae6a6bfa07a711c5a59?s=96&d=mm&r=g\",\"contentUrl\":\"https:\/\/secure.gravatar.com\/avatar\/48c54029a36a21bf94890a53bac2af95b835980ca001dae6a6bfa07a711c5a59?s=96&d=mm&r=g\",\"caption\":\"admin\"},\"sameAs\":[\"https:\/\/mandalailu.ee\"],\"url\":\"https:\/\/mandalailu.ee\/en\/author\/admin\/\"}]}<\/script>\n<!-- \/ Yoast SEO plugin. -->","yoast_head_json":{"title":"V\u00e4eehte t\u00f6\u00f6tuba 13 mai 2022 - Mandala ilu","description":"Ootan Sind reedel, 13 mai, Mandala Galeriis, et koos minna teekonnale, mille k\u00e4igus lood Sa l\u00e4bi enda \u00fche imeilusa v\u00e4eehte.","robots":{"index":"index","follow":"follow","max-snippet":"max-snippet:-1","max-image-preview":"max-image-preview:large","max-video-preview":"max-video-preview:-1"},"canonical":"https:\/\/mandalailu.ee\/en\/uritused\/vaeehte-tootuba-13-mai-2022\/","og_locale":"en_US","og_type":"article","og_title":"V\u00e4eehte t\u00f6\u00f6tuba 13 mai 2022 - Mandala ilu","og_description":"Ootan Sind reedel, 13 mai, Mandala Galeriis, et koos minna teekonnale, mille k\u00e4igus lood Sa l\u00e4bi enda \u00fche imeilusa v\u00e4eehte.","og_url":"https:\/\/mandalailu.ee\/en\/uritused\/vaeehte-tootuba-13-mai-2022\/","og_site_name":"Mandala ilu","article_publisher":"https:\/\/www.facebook.com\/MandalaILU","article_published_time":"2022-03-11T11:43:44+00:00","article_modified_time":"2025-05-04T11:44:15+00:00","og_image":[{"width":850,"height":567,"url":"https:\/\/mandalailu.ee\/wp-content\/uploads\/2022\/04\/M28A2476flare-1.jpg","type":"image\/jpeg"}],"author":"admin","twitter_card":"summary_large_image","twitter_misc":{"Written by":"admin","Est. reading time":"1 minute"},"schema":{"@context":"https:\/\/schema.org","@graph":[{"@type":"Article","@id":"https:\/\/mandalailu.ee\/uritused\/vaeehte-tootuba-13-mai-2022\/#article","isPartOf":{"@id":"https:\/\/mandalailu.ee\/uritused\/vaeehte-tootuba-13-mai-2022\/"},"author":{"name":"admin","@id":"https:\/\/mandalailu.ee\/#\/schema\/person\/f2776d67f537e113fc52e2f8025eedb9"},"headline":"V\u00e4eehte t\u00f6\u00f6tuba 13 mai 2022","datePublished":"2022-03-11T11:43:44+00:00","dateModified":"2025-05-04T11:44:15+00:00","mainEntityOfPage":{"@id":"https:\/\/mandalailu.ee\/uritused\/vaeehte-tootuba-13-mai-2022\/"},"wordCount":221,"publisher":{"@id":"https:\/\/mandalailu.ee\/#organization"},"image":{"@id":"https:\/\/mandalailu.ee\/uritused\/vaeehte-tootuba-13-mai-2022\/#primaryimage"},"thumbnailUrl":"https:\/\/mandalailu.ee\/wp-content\/uploads\/2022\/04\/M28A2476flare-1.jpg","keywords":["Toimunud t\u00f6\u00f6toad"],"articleSection":["\u00dcritused"],"inLanguage":"en-US"},{"@type":"WebPage","@id":"https:\/\/mandalailu.ee\/uritused\/vaeehte-tootuba-13-mai-2022\/","url":"https:\/\/mandalailu.ee\/uritused\/vaeehte-tootuba-13-mai-2022\/","name":"V\u00e4eehte t\u00f6\u00f6tuba 13 mai 2022 - Mandala ilu","isPartOf":{"@id":"https:\/\/mandalailu.ee\/#website"},"primaryImageOfPage":{"@id":"https:\/\/mandalailu.ee\/uritused\/vaeehte-tootuba-13-mai-2022\/#primaryimage"},"image":{"@id":"https:\/\/mandalailu.ee\/uritused\/vaeehte-tootuba-13-mai-2022\/#primaryimage"},"thumbnailUrl":"https:\/\/mandalailu.ee\/wp-content\/uploads\/2022\/04\/M28A2476flare-1.jpg","datePublished":"2022-03-11T11:43:44+00:00","dateModified":"2025-05-04T11:44:15+00:00","description":"Ootan Sind reedel, 13 mai, Mandala Galeriis, et koos minna teekonnale, mille k\u00e4igus lood Sa l\u00e4bi enda \u00fche imeilusa v\u00e4eehte.","breadcrumb":{"@id":"https:\/\/mandalailu.ee\/uritused\/vaeehte-tootuba-13-mai-2022\/#breadcrumb"},"inLanguage":"en-US","potentialAction":[{"@type":"ReadAction","target":["https:\/\/mandalailu.ee\/uritused\/vaeehte-tootuba-13-mai-2022\/"]}]},{"@type":"ImageObject","inLanguage":"en-US","@id":"https:\/\/mandalailu.ee\/uritused\/vaeehte-tootuba-13-mai-2022\/#primaryimage","url":"https:\/\/mandalailu.ee\/wp-content\/uploads\/2022\/04\/M28A2476flare-1.jpg","contentUrl":"https:\/\/mandalailu.ee\/wp-content\/uploads\/2022\/04\/M28A2476flare-1.jpg","width":850,"height":567},{"@type":"BreadcrumbList","@id":"https:\/\/mandalailu.ee\/uritused\/vaeehte-tootuba-13-mai-2022\/#breadcrumb","itemListElement":[{"@type":"ListItem","position":1,"name":"Home","item":"https:\/\/mandalailu.ee\/"},{"@type":"ListItem","position":2,"name":"V\u00e4eehte t\u00f6\u00f6tuba 13 mai 2022"}]},{"@type":"WebSite","@id":"https:\/\/mandalailu.ee\/#website","url":"https:\/\/mandalailu.ee\/","name":"Mandala ilu","description":"Unikaalsed k&auml;sit&ouml;&ouml;na valminud ehted","publisher":{"@id":"https:\/\/mandalailu.ee\/#organization"},"potentialAction":[{"@type":"SearchAction","target":{"@type":"EntryPoint","urlTemplate":"https:\/\/mandalailu.ee\/?s={search_term_string}"},"query-input":{"@type":"PropertyValueSpecification","valueRequired":true,"valueName":"search_term_string"}}],"inLanguage":"en-US"},{"@type":"Organization","@id":"https:\/\/mandalailu.ee\/#organization","name":"Mandala ILU","url":"https:\/\/mandalailu.ee\/","logo":{"@type":"ImageObject","inLanguage":"en-US","@id":"https:\/\/mandalailu.ee\/#\/schema\/logo\/image\/","url":"https:\/\/mandalailu.ee\/wp-content\/uploads\/2022\/04\/cropped-Mandala-ILU-lill_block.jpg","contentUrl":"https:\/\/mandalailu.ee\/wp-content\/uploads\/2022\/04\/cropped-Mandala-ILU-lill_block.jpg","width":512,"height":512,"caption":"Mandala ILU"},"image":{"@id":"https:\/\/mandalailu.ee\/#\/schema\/logo\/image\/"},"sameAs":["https:\/\/www.facebook.com\/MandalaILU","https:\/\/www.instagram.com\/mandala.ilu.mala.ehted\/"]},{"@type":"Person","@id":"https:\/\/mandalailu.ee\/#\/schema\/person\/f2776d67f537e113fc52e2f8025eedb9","name":"admin","image":{"@type":"ImageObject","inLanguage":"en-US","@id":"https:\/\/mandalailu.ee\/#\/schema\/person\/image\/","url":"https:\/\/secure.gravatar.com\/avatar\/48c54029a36a21bf94890a53bac2af95b835980ca001dae6a6bfa07a711c5a59?s=96&d=mm&r=g","contentUrl":"https:\/\/secure.gravatar.com\/avatar\/48c54029a36a21bf94890a53bac2af95b835980ca001dae6a6bfa07a711c5a59?s=96&d=mm&r=g","caption":"admin"},"sameAs":["https:\/\/mandalailu.ee"],"url":"https:\/\/mandalailu.ee\/en\/author\/admin\/"}]}},"_links":{"self":[{"href":"https:\/\/mandalailu.ee\/en\/wp-json\/wp\/v2\/posts\/1835","targetHints":{"allow":["GET"]}}],"collection":[{"href":"https:\/\/mandalailu.ee\/en\/wp-json\/wp\/v2\/posts"}],"about":[{"href":"https:\/\/mandalailu.ee\/en\/wp-json\/wp\/v2\/types\/post"}],"author":[{"embeddable":true,"href":"https:\/\/mandalailu.ee\/en\/wp-json\/wp\/v2\/users\/1"}],"replies":[{"embeddable":true,"href":"https:\/\/mandalailu.ee\/en\/wp-json\/wp\/v2\/comments?post=1835"}],"version-history":[{"count":1,"href":"https:\/\/mandalailu.ee\/en\/wp-json\/wp\/v2\/posts\/1835\/revisions"}],"predecessor-version":[{"id":1836,"href":"https:\/\/mandalailu.ee\/en\/wp-json\/wp\/v2\/posts\/1835\/revisions\/1836"}],"wp:featuredmedia":[{"embeddable":true,"href":"https:\/\/mandalailu.ee\/en\/wp-json\/wp\/v2\/media\/35"}],"wp:attachment":[{"href":"https:\/\/mandalailu.ee\/en\/wp-json\/wp\/v2\/media?parent=1835"}],"wp:term":[{"taxonomy":"category","embeddable":true,"href":"https:\/\/mandalailu.ee\/en\/wp-json\/wp\/v2\/categories?post=1835"},{"taxonomy":"post_tag","embeddable":true,"href":"https:\/\/mandalailu.ee\/en\/wp-json\/wp\/v2\/tags?post=1835"}],"curies":[{"name":"wp","href":"https:\/\/api.w.org\/{rel}","templated":true}]}}